{"id":17872,"date":"2026-05-01T12:21:10","date_gmt":"2026-05-01T10:21:10","guid":{"rendered":"https:\/\/cjpsc-ecc.org\/accueil\/?p=17872"},"modified":"2026-05-01T12:46:59","modified_gmt":"2026-05-01T10:46:59","slug":"rdc-leglise-du-christ-au-congo-se-mobilise-pour-un-cadre-electoral-credible-et-fiable","status":"publish","type":"post","link":"https:\/\/cjpsc-ecc.org\/accueil\/2026\/05\/01\/rdc-leglise-du-christ-au-congo-se-mobilise-pour-un-cadre-electoral-credible-et-fiable\/","title":{"rendered":"RDC : L\u2019Eglise du Christ au Congo se mobilise pour un cadre \u00e9lectoral cr\u00e9dible et fiable."},"content":{"rendered":"\t\t<div data-elementor-type=\"wp-post\" data-elementor-id=\"17872\" class=\"elementor elementor-17872\" data-elementor-post-type=\"post\">\n\t\t\t\t<div class=\"elementor-element elementor-element-8f303d4 e-flex e-con-boxed e-con e-parent\" data-id=\"8f303d4\" data-element_type=\"container\" data-e-type=\"container\">\n\t\t\t\t\t<div class=\"e-con-inner\">\n\t\t<div class=\"elementor-element elementor-element-8865bc0 e-con-full e-flex e-con e-child\" data-id=\"8865bc0\" data-element_type=\"container\" data-e-type=\"container\">\n\t\t\t\t<\/div>\n\t\t<div class=\"elementor-element elementor-element-10d00e2 e-con-full e-flex e-con e-child\" data-id=\"10d00e2\" data-element_type=\"container\" data-e-type=\"container\">\n\t\t\t\t<div class=\"elementor-element elementor-element-68cdf9e elementor-widget elementor-widget-text-editor\" data-id=\"68cdf9e\" data-element_type=\"widget\" data-e-type=\"widget\" data-widget_type=\"text-editor.default\">\n\t\t\t\t<div class=\"elementor-widget-container\">\n\t\t\t\t\t\t\t\t\t<p><strong>Par l\u2019initiative de \u00c9glise du Christ au Congo (ECC), la journ\u00e9e de r\u00e9flexion autour des r\u00e9formes \u00e9lectorales (MOE-ECC) s\u2019est tenue ce 29 avril \u00e0 Gombe, r\u00e9unissant les repr\u00e9sentants des institutions l\u00e9gislatives, les experts techniques et les membres de la soci\u00e9t\u00e9 civile.<\/strong><\/p><p><strong>Organis\u00e9e dans le cadre du projet LEMA YA 2028, la rencontre s\u2019est d\u00e9roul\u00e9e en pr\u00e9sence du Pr\u00e9sident National de l\u2019ECC, le R\u00e9v\u00e9rend Andr\u00e9 Bokundoa, et du Secr\u00e9taire G\u00e9n\u00e9ral de l\u2019ECC, le R\u00e9v\u00e9rend \u00c9ric Nsenga, en t\u00eate de la Commission Justice, Paix et Sauvegarde de la Cr\u00e9ation.<\/strong><\/p><p>Cette journ\u00e9e a \u00e9t\u00e9 marqu\u00e9e par des interventions portant sur les r\u00e9formes de la loi \u00e9lectorale, notamment \u00e0 travers la proposition du S\u00e9nateur Norbert Basengezi, les dix recommandations de la soci\u00e9t\u00e9 civile pr\u00e9sent\u00e9es par M. Jean-Christophe Elembo, Secr\u00e9taire Ex\u00e9cutif National de l\u2019ECC\/JPSC, ainsi que l\u2019analyse sur les enjeux sociopolitiques et s\u00e9curitaires li\u00e9s aux \u00e9lections de 2028, faite par le Professeur Magha-A-Ngimba Charles Gimba.<\/p><p>Suivies d\u2019un d\u00e9bat public riche et interactif r\u00e9unissant plusieurs experts en droit constitutionnel et \u00e9lectoral, notamment les professeurs Ferdinand Kapanga et Delly Sessanga, Monsieur Ithiel Batumike et Mme Carine Kanku.<\/p><p>En sa qualit\u00e9 de 2\u00e8me Vice-Pr\u00e9sident de la Commission \u00c9lectorale Nationale Ind\u00e9pendante (CENI), Monsieur Didi Manara Linga, a r\u00e9affirm\u00e9 l\u2019ouverture de la CENI aux r\u00e9formes, insistant sur la n\u00e9cessit\u00e9 de consolider les acquis des cycles pass\u00e9s et clarifiant la diff\u00e9rence entre feuille de route et calendrier \u00e9lectoral.<\/p><p>Au terme de ces \u00e9changes, une conviction s\u2019est d\u00e9gag\u00e9e : seule une dynamique collective, inclusive et port\u00e9e par un dialogue permanent entre institutions, \u00c9glise et soci\u00e9t\u00e9 civile permettra de b\u00e2tir un cadre \u00e9lectoral cr\u00e9dible, apais\u00e9 et v\u00e9ritablement consensuel \u00e0 l\u2019horizon 2028.<\/p><p><strong>Communication ECC\/JPSC<\/strong><\/p>\t\t\t\t\t\t\t\t<\/div>\n\t\t\t\t<\/div>\n\t\t\t\t<\/div>\n\t\t<div class=\"elementor-element elementor-element-d74c095 e-con-full e-flex e-con e-child\" data-id=\"d74c095\" data-element_type=\"container\" data-e-type=\"container\">\n\t\t\t\t<\/div>\n\t\t\t\t\t<\/div>\n\t\t\t\t<\/div>\n\t\t\t\t<\/div>\n\t\t","protected":false},"excerpt":{"rendered":"<p>Par l\u2019initiative de \u00c9glise du Christ au Congo (ECC), la journ\u00e9e de r\u00e9flexion autour des r\u00e9formes \u00e9lectorales (MOE-ECC) s\u2019est tenue ce 29 avril \u00e0 Gombe, r\u00e9unissant les repr\u00e9sentants des institutions l\u00e9gislatives, les experts techniques et les membres de la soci\u00e9t\u00e9 civile. Organis\u00e9e dans le cadre du projet LEMA YA 2028, la rencontre s\u2019est d\u00e9roul\u00e9e en [&hellip;]<\/p>\n","protected":false},"author":1,"featured_media":17876,"comment_status":"open","ping_status":"open","sticky":false,"template":"","format":"standard","meta":{"_monsterinsights_skip_tracking":false,"_monsterinsights_sitenote_active":false,"_monsterinsights_sitenote_note":"","_monsterinsights_sitenote_category":0,"footnotes":""},"categories":[1],"tags":[],"class_list":["post-17872","post","type-post","status-publish","format-standard","has-post-thumbnail","hentry","category-non-classe"],"_links":{"self":[{"href":"https:\/\/cjpsc-ecc.org\/accueil\/wp-json\/wp\/v2\/posts\/17872","targetHints":{"allow":["GET"]}}],"collection":[{"href":"https:\/\/cjpsc-ecc.org\/accueil\/wp-json\/wp\/v2\/posts"}],"about":[{"href":"https:\/\/cjpsc-ecc.org\/accueil\/wp-json\/wp\/v2\/types\/post"}],"author":[{"embeddable":true,"href":"https:\/\/cjpsc-ecc.org\/accueil\/wp-json\/wp\/v2\/users\/1"}],"replies":[{"embeddable":true,"href":"https:\/\/cjpsc-ecc.org\/accueil\/wp-json\/wp\/v2\/comments?post=17872"}],"version-history":[{"count":10,"href":"https:\/\/cjpsc-ecc.org\/accueil\/wp-json\/wp\/v2\/posts\/17872\/revisions"}],"predecessor-version":[{"id":17887,"href":"https:\/\/cjpsc-ecc.org\/accueil\/wp-json\/wp\/v2\/posts\/17872\/revisions\/17887"}],"wp:featuredmedia":[{"embeddable":true,"href":"https:\/\/cjpsc-ecc.org\/accueil\/wp-json\/wp\/v2\/media\/17876"}],"wp:attachment":[{"href":"https:\/\/cjpsc-ecc.org\/accueil\/wp-json\/wp\/v2\/media?parent=17872"}],"wp:term":[{"taxonomy":"category","embeddable":true,"href":"https:\/\/cjpsc-ecc.org\/accueil\/wp-json\/wp\/v2\/categories?post=17872"},{"taxonomy":"post_tag","embeddable":true,"href":"https:\/\/cjpsc-ecc.org\/accueil\/wp-json\/wp\/v2\/tags?post=17872"}],"curies":[{"name":"wp","href":"https:\/\/api.w.org\/{rel}","templated":true}]}}